{"id":3626,"date":"2026-04-25T06:44:58","date_gmt":"2026-04-25T06:44:58","guid":{"rendered":"https:\/\/carsambaguncel.com\/?p=3626"},"modified":"2026-04-25T06:44:58","modified_gmt":"2026-04-25T06:44:58","slug":"mahallelerin-sorunlari-agcaguneyde-masaya-yatirildi","status":"publish","type":"post","link":"https:\/\/carsambaguncel.com\/?p=3626","title":{"rendered":"Mahallelerin Sorunlar\u0131 A\u011fcag\u00fcney\u2019de Masaya Yat\u0131r\u0131ld\u0131"},"content":{"rendered":"<p>\u00c7ar\u015fambada vatanda\u015f odakl\u0131 y\u00f6netim anlay\u0131\u015f\u0131 kapsam\u0131nda d\u00fczenlenen bulu\u015fmalar devam ediyor. Kaymakam Mehmet Kamil SA\u011eLAM ba\u015fkanl\u0131\u011f\u0131nda ger\u00e7ekle\u015ftirilen \u201cVatanda\u015fla Bulu\u015fma Toplant\u0131s\u0131\u201d, A\u011fcag\u00fcney Mahallesi\u2019nde yo\u011fun kat\u0131l\u0131mla yap\u0131ld\u0131<\/p>\n<p><img loading=\"lazy\" decoding=\"async\" class=\"alignnone wp-image-3629 size-full\" src=\"https:\/\/carsambaguncel.com\/wp-content\/uploads\/2026\/04\/680231491_1401741208664247_8522460467618975497_n.jpg\" alt=\"\" width=\"2048\" height=\"1536\" \/>.<br \/>\nA\u011fcag\u00fcney Ortaokulu Toplant\u0131 Salonu\u2019nda d\u00fczenlenen programa; Porsuk, \u015eenyurt, \u015eeyhg\u00fcven, Yukar\u0131 A\u011fcag\u00fcney, Esen\u00e7ay, G\u00fcldere, Kabaceviz, Esentepe ve A\u011fcag\u00fcney mahallelerinin muhtarlar\u0131, vatanda\u015flar ve kamu kurumlar\u0131n\u0131n amirleri kat\u0131ld\u0131.<\/p>\n<p><img loading=\"lazy\" decoding=\"async\" class=\"alignnone wp-image-3630 size-full\" src=\"https:\/\/carsambaguncel.com\/wp-content\/uploads\/2026\/04\/680223678_1401741218664246_1065808006786368687_n.jpg\" alt=\"\" width=\"1600\" height=\"1200\" \/><br \/>\nToplant\u0131da mahalle sakinleri ve muhtarlar, ya\u015fad\u0131klar\u0131 b\u00f6lgelere ili\u015fkin talep, \u00f6neri ve beklentilerini do\u011frudan iletme f\u0131rsat\u0131 buldu. Kurum amirleri ise y\u00fcr\u00fct\u00fclen \u00e7al\u0131\u015fmalar hakk\u0131nda bilgi vererek, \u00f6n\u00fcm\u00fczdeki d\u00f6neme dair planlamalar\u0131 payla\u015ft\u0131.<\/p>\n<p><img loading=\"lazy\" decoding=\"async\" class=\"alignnone wp-image-3631 size-full\" src=\"https:\/\/carsambaguncel.com\/wp-content\/uploads\/2026\/04\/680234850_1401741235330911_4589634222099670105_n-1.jpg\" alt=\"\" width=\"1600\" height=\"1200\" \/><br \/>\nKaymakam Mehmet Kamil SA\u011eLAM, vatanda\u015flarla birebir ileti\u015fimin \u00f6nemine vurgu yaparak, bu t\u00fcr toplant\u0131lar\u0131n sorunlar\u0131n yerinde tespiti ve h\u0131zl\u0131 \u00e7\u00f6z\u00fcm\u00fc a\u00e7\u0131s\u0131ndan b\u00fcy\u00fck katk\u0131 sa\u011flad\u0131\u011f\u0131n\u0131 belirtti. SA\u011eLAM, iletilen taleplerin titizlikle takip edilece\u011fini ve ilgili kurumlarla koordinasyon i\u00e7inde \u00e7\u00f6z\u00fcm \u00fcretmeye devam edeceklerini ifade etti.<\/p>\n","protected":false},"excerpt":{"rendered":"<p>\u00c7ar\u015fambada vatanda\u015f odakl\u0131 y\u00f6netim anlay\u0131\u015f\u0131 kapsam\u0131nda d\u00fczenlenen bulu\u015fmalar devam ediyor. Kaymakam Mehmet Kamil SA\u011eLAM ba\u015fkanl\u0131\u011f\u0131nda ger\u00e7ekle\u015ftirilen&#46;&#46;&#46;<\/p>\n","protected":false},"author":3,"featured_media":3628,"comment_status":"open","ping_status":"closed","sticky":false,"template":"","format":"standard","meta":{"footnotes":""},"categories":[84,89,83],"tags":[677,77,223,269,57,271,389],"manset":[33],"class_list":["post-3626","post","type-post","status-publish","format-standard","has-post-thumbnail","hentry","category-carsamba","category-ilce-haberleri","category-samsun","tag-agcaguney","tag-carsamba","tag-kaymakam","tag-muhtarlar","tag-samsun","tag-toplanti","tag-vatantas"],"_links":{"self":[{"href":"https:\/\/carsambaguncel.com\/index.php?rest_route=\/wp\/v2\/posts\/3626","targetHints":{"allow":["GET"]}}],"collection":[{"href":"https:\/\/carsambaguncel.com\/index.php?rest_route=\/wp\/v2\/posts"}],"about":[{"href":"https:\/\/carsambaguncel.com\/index.php?rest_route=\/wp\/v2\/types\/post"}],"author":[{"embeddable":true,"href":"https:\/\/carsambaguncel.com\/index.php?rest_route=\/wp\/v2\/users\/3"}],"replies":[{"embeddable":true,"href":"https:\/\/carsambaguncel.com\/index.php?rest_route=%2Fwp%2Fv2%2Fcomments&post=3626"}],"version-history":[{"count":1,"href":"https:\/\/carsambaguncel.com\/index.php?rest_route=\/wp\/v2\/posts\/3626\/revisions"}],"predecessor-version":[{"id":3632,"href":"https:\/\/carsambaguncel.com\/index.php?rest_route=\/wp\/v2\/posts\/3626\/revisions\/3632"}],"wp:featuredmedia":[{"embeddable":true,"href":"https:\/\/carsambaguncel.com\/index.php?rest_route=\/wp\/v2\/media\/3628"}],"wp:attachment":[{"href":"https:\/\/carsambaguncel.com\/index.php?rest_route=%2Fwp%2Fv2%2Fmedia&parent=3626"}],"wp:term":[{"taxonomy":"category","embeddable":true,"href":"https:\/\/carsambaguncel.com\/index.php?rest_route=%2Fwp%2Fv2%2Fcategories&post=3626"},{"taxonomy":"post_tag","embeddable":true,"href":"https:\/\/carsambaguncel.com\/index.php?rest_route=%2Fwp%2Fv2%2Ftags&post=3626"},{"taxonomy":"manset","embeddable":true,"href":"https:\/\/carsambaguncel.com\/index.php?rest_route=%2Fwp%2Fv2%2Fmanset&post=3626"}],"curies":[{"name":"wp","href":"https:\/\/api.w.org\/{rel}","templated":true}]}}