{"id":3642,"date":"2026-04-27T05:06:19","date_gmt":"2026-04-27T05:06:19","guid":{"rendered":"https:\/\/carsambaguncel.com\/?p=3642"},"modified":"2026-04-27T05:06:19","modified_gmt":"2026-04-27T05:06:19","slug":"terme-saha-kalkti-arac-filosu-dev-guce-ulasti","status":"publish","type":"post","link":"https:\/\/carsambaguncel.com\/?p=3642","title":{"rendered":"TERME \u015eAHA KALKTI: ARA\u00c7 F\u0130LOSU DEV G\u00dcCE ULA\u015eTI"},"content":{"rendered":"<p>Terme Belediye Ba\u015fkan\u0131 \u015eenol Kul, 2024 yerel se\u00e7imlerinin ard\u0131ndan ba\u015flatt\u0131\u011f\u0131 &#8220;kendi kendine yeten belediye&#8221; hamlesine h\u0131z kesmeden devam ediyor. G\u00f6reve geldi\u011fi g\u00fcnden bu yana neredeyse her aya bir ara\u00e7 s\u0131\u011fd\u0131ran Ba\u015fkan Kul, son olarak dev bir paletli ekskavat\u00f6r ve loderi daha belediye envanterine kazand\u0131rd\u0131.<\/p>\n<p><img loading=\"lazy\" decoding=\"async\" class=\"alignnone wp-image-3645 size-full\" src=\"https:\/\/carsambaguncel.com\/wp-content\/uploads\/2026\/04\/FB_IMG_1777225963710.jpg\" alt=\"\" width=\"1600\" height=\"1067\" \/><br \/>\nTerme Belediyesi; il\u00e7enin d\u00f6rt bir yan\u0131nda devam eden altyap\u0131, yol, \u00e7evre d\u00fczenleme \u00e7al\u0131\u015fmalar\u0131 ve konkas\u00f6r tesislerinde kullan\u0131lmak \u00fczere ara\u00e7 filosunu g\u00fc\u00e7lendirmeyi s\u00fcrd\u00fcr\u00fcyor. Ba\u015fkan \u015eenol Kul&#8217;un yo\u011fun giri\u015fimleri ve tasarruf odakl\u0131 mali y\u00f6netimi sayesinde filoya dahil edilen dev makineler, modern ve g\u00fc\u00e7l\u00fc Terme vizyonunun bir par\u00e7as\u0131 olarak belediye hizmet binas\u0131 \u00f6n\u00fcnde yerini ald\u0131.<\/p>\n<p><img loading=\"lazy\" decoding=\"async\" class=\"alignnone wp-image-3646 size-full\" src=\"https:\/\/carsambaguncel.com\/wp-content\/uploads\/2026\/04\/FB_IMG_1777225966959.jpg\" alt=\"\" width=\"2048\" height=\"1152\" \/><br \/>\n&#8220;HER AY YEN\u0130 B\u0130R ARA\u00c7, DAHA G\u00dc\u00c7L\u00dc B\u0130R TERME&#8221;<br \/>\nBelediye Ba\u015fkan\u0131 \u015eenol Kul, belediyenin \u00f6z mal\u0131 olan bir filo kurmay\u0131 hedeflediklerini belirterek; &#8220;G\u00f6reve geldi\u011fimiz 2024 Nisan ay\u0131ndan bu yana s\u00f6z verdi\u011fimiz gibi; bahanelerin arkas\u0131na s\u0131\u011f\u0131nmadan, makinelerimizin g\u00fcc\u00fc ve ekibimizin azmiyle sahaday\u0131z. Neredeyse her ay envanterimize yeni bir ara\u00e7 katarak filomuzu devasa bir hizmet g\u00fcc\u00fcne d\u00f6n\u00fc\u015ft\u00fcrd\u00fck. Bug\u00fcn envanterimize dahil etti\u011fimiz bu yeni i\u015f makineleri Terme&#8217;nin mal\u0131d\u0131r ve do\u011frudan halk\u0131m\u0131za hizmet edecektir&#8221; a\u00e7\u0131klamas\u0131nda bulundu.<\/p>\n<p><img loading=\"lazy\" decoding=\"async\" class=\"alignnone wp-image-3647 size-full\" src=\"https:\/\/carsambaguncel.com\/wp-content\/uploads\/2026\/04\/FB_IMG_1777225975534.jpg\" alt=\"\" width=\"2048\" height=\"1152\" \/><br \/>\n&#8220;YAKLA\u015eIK 40 M\u0130LYON TL&#8217;L\u0130K DEV YATIRIM&#8221;<br \/>\nYat\u0131r\u0131mlar\u0131n mali b\u00fcy\u00fckl\u00fc\u011f\u00fcne dikkat \u00e7eken Ba\u015fkan Kul, belediye b\u00fcnyesine kazand\u0131r\u0131lan 30 tonluk ekskavat\u00f6r ve y\u00fckleyiciye (loder), \u00f6n\u00fcm\u00fczdeki g\u00fcnlerde teslim al\u0131nacak primer k\u0131r\u0131c\u0131n\u0131n da eklenmesiyle birlikte toplam yat\u0131r\u0131m tutar\u0131n\u0131n yakla\u015f\u0131k 40 Milyon TL&#8217;ye ula\u015faca\u011f\u0131n\u0131 kaydetti. Ba\u015fkan Kul, her biri 10 Milyon TL&#8217;nin \u00fczerinde de\u011fere sahip olan bu a\u011f\u0131r i\u015f makineleriyle Terme&#8217;nin hizmet kalitesinin katlanaca\u011f\u0131n\u0131 vurgulad\u0131.<\/p>\n<p><img loading=\"lazy\" decoding=\"async\" class=\"alignnone wp-image-3648 size-full\" src=\"https:\/\/carsambaguncel.com\/wp-content\/uploads\/2026\/04\/FB_IMG_1777225977392.jpg\" alt=\"\" width=\"2048\" height=\"1152\" \/><br \/>\nTASARRUF VE VER\u0130ML\u0130L\u0130K ODAKLI Y\u00d6NET\u0130M&#8221;<br \/>\nSon d\u00f6nem i\u00e7erisinde 20&#8217;nin \u00fczerinde arac\u0131 belediyeye kazand\u0131rman\u0131n gururunu ya\u015fad\u0131klar\u0131n\u0131 ifade eden Ba\u015fkan Kul; &#8220;20 g\u00fcn \u00f6nce hibe edilen 2026 model tam donan\u0131ml\u0131 ekskavat\u00f6r\u00fcn, \u00f6z kaynaklar\u0131m\u0131zla ald\u0131\u011f\u0131m\u0131z araz\u00f6z\u00fcn ve filoya ekledi\u011fimiz yeni otob\u00fcslerin ard\u0131ndan bug\u00fcn de bu dev makineleri hizmete al\u0131yoruz. \u00c7o\u011fu a\u011f\u0131r i\u015f makinesi olan bu yat\u0131r\u0131mlarla Terme art\u0131k i\u015fin belini k\u0131rd\u0131. Kendi arac\u0131m\u0131zla \u00e7al\u0131\u015farak hem zamandan hem maliyetten b\u00fcy\u00fck tasarruf sa\u011fl\u0131yoruz. \u0130l\u00e7emize ve hem\u015fehrilerimize hay\u0131rl\u0131 u\u011furlu olsun&#8221; diye konu\u015ftu.<\/p>\n<p><img loading=\"lazy\" decoding=\"async\" class=\"alignnone wp-image-3649 size-full\" src=\"https:\/\/carsambaguncel.com\/wp-content\/uploads\/2026\/04\/FB_IMG_1777225972911-1.jpg\" alt=\"\" width=\"2048\" height=\"1152\" \/><br \/>\n&#8220;H\u0130ZMETTEN H\u0130ZMETE KO\u015eUYORUZ&#8221;<br \/>\nTerme&#8217;nin her ge\u00e7en g\u00fcn daha da g\u00fczelle\u015fti\u011fini belirten Ba\u015fkan Kul, a\u00e7\u0131klamas\u0131n\u0131 \u015fu s\u00f6zlerle tamamlad\u0131: &#8220;Terme geli\u015fiyor, g\u00fczelle\u015fiyor; biz mazeretlerin arkas\u0131na s\u0131\u011f\u0131nm\u0131yor, hizmetten hizmete ko\u015fuyoruz. Bu devasa makinelerle mahallelerimizde, sokaklar\u0131m\u0131zda \u00e7ok daha h\u0131zl\u0131 ve kal\u0131c\u0131 \u00e7\u00f6z\u00fcmler \u00fcretece\u011fiz. Terme halk\u0131 her \u015feyin en iyisini hak ediyor.&#8221;<\/p>\n","protected":false},"excerpt":{"rendered":"<p>Terme Belediye Ba\u015fkan\u0131 \u015eenol Kul, 2024 yerel se\u00e7imlerinin ard\u0131ndan ba\u015flatt\u0131\u011f\u0131 &#8220;kendi kendine yeten belediye&#8221; hamlesine h\u0131z&#46;&#46;&#46;<\/p>\n","protected":false},"author":3,"featured_media":3644,"comment_status":"open","ping_status":"closed","sticky":false,"template":"","format":"standard","meta":{"footnotes":""},"categories":[83,190],"tags":[364,92,91,680,57,156,155],"manset":[33],"class_list":["post-3642","post","type-post","status-publish","format-standard","has-post-thumbnail","hentry","category-samsun","category-terme-havza","tag-arac","tag-baskan","tag-belediye","tag-filosu","tag-samsun","tag-senol-kul","tag-terme"],"_links":{"self":[{"href":"https:\/\/carsambaguncel.com\/index.php?rest_route=\/wp\/v2\/posts\/3642","targetHints":{"allow":["GET"]}}],"collection":[{"href":"https:\/\/carsambaguncel.com\/index.php?rest_route=\/wp\/v2\/posts"}],"about":[{"href":"https:\/\/carsambaguncel.com\/index.php?rest_route=\/wp\/v2\/types\/post"}],"author":[{"embeddable":true,"href":"https:\/\/carsambaguncel.com\/index.php?rest_route=\/wp\/v2\/users\/3"}],"replies":[{"embeddable":true,"href":"https:\/\/carsambaguncel.com\/index.php?rest_route=%2Fwp%2Fv2%2Fcomments&post=3642"}],"version-history":[{"count":1,"href":"https:\/\/carsambaguncel.com\/index.php?rest_route=\/wp\/v2\/posts\/3642\/revisions"}],"predecessor-version":[{"id":3650,"href":"https:\/\/carsambaguncel.com\/index.php?rest_route=\/wp\/v2\/posts\/3642\/revisions\/3650"}],"wp:featuredmedia":[{"embeddable":true,"href":"https:\/\/carsambaguncel.com\/index.php?rest_route=\/wp\/v2\/media\/3644"}],"wp:attachment":[{"href":"https:\/\/carsambaguncel.com\/index.php?rest_route=%2Fwp%2Fv2%2Fmedia&parent=3642"}],"wp:term":[{"taxonomy":"category","embeddable":true,"href":"https:\/\/carsambaguncel.com\/index.php?rest_route=%2Fwp%2Fv2%2Fcategories&post=3642"},{"taxonomy":"post_tag","embeddable":true,"href":"https:\/\/carsambaguncel.com\/index.php?rest_route=%2Fwp%2Fv2%2Ftags&post=3642"},{"taxonomy":"manset","embeddable":true,"href":"https:\/\/carsambaguncel.com\/index.php?rest_route=%2Fwp%2Fv2%2Fmanset&post=3642"}],"curies":[{"name":"wp","href":"https:\/\/api.w.org\/{rel}","templated":true}]}}