{"id":3651,"date":"2026-04-27T10:27:22","date_gmt":"2026-04-27T10:27:22","guid":{"rendered":"https:\/\/carsambaguncel.com\/?p=3651"},"modified":"2026-04-27T10:27:22","modified_gmt":"2026-04-27T10:27:22","slug":"engelsiz-turizm-otobusu-hizmete-sunuldu","status":"publish","type":"post","link":"https:\/\/carsambaguncel.com\/?p=3651","title":{"rendered":"ENGELS\u0130Z TUR\u0130ZM OTOB\u00dcS\u00dc H\u0130ZMETE SUNULDU"},"content":{"rendered":"<p><strong>Samsun B\u00fcy\u00fck\u015fehir Belediyesi, \u00f6zel bireylerin ya\u015fam\u0131n\u0131 kolayla\u015ft\u0131ran ve sosyal hayata kat\u0131l\u0131mlar\u0131n\u0131 destekleyen projelerini s\u00fcrd\u00fcr\u00fcyor. Bu kapsamda B\u00fcy\u00fck\u015fehir taraf\u0131ndan \u00f6zel bireylerin \u015fehir i\u00e7i ile il\u00e7e gezilerine eri\u015fimini kolayla\u015ft\u0131rmak ve sosyal hayata kat\u0131l\u0131mlar\u0131n\u0131 art\u0131rmak amac\u0131yla \u00f6zel olarak donat\u0131lan \u201cEngelsiz Turizm Otob\u00fcs\u00fc\u201d hizmete sunuldu.<\/strong><\/p>\n<p><img loading=\"lazy\" decoding=\"async\" class=\"alignnone wp-image-3654 size-full\" src=\"https:\/\/carsambaguncel.com\/wp-content\/uploads\/2026\/04\/IMG-4516-2-scaled.jpeg\" alt=\"\" width=\"2560\" height=\"1707\" \/><\/p>\n<p>\u201cEngelsiz Samsun\u201d vizyonuyla \u00e7al\u0131\u015fmalar\u0131n\u0131 s\u00fcrd\u00fcren Samsun B\u00fcy\u00fck\u015fehir Belediyesi, hayata ge\u00e7irdi\u011fi projelerle \u00f6zel bireylerin g\u00fcnl\u00fck ya\u015fam\u0131n\u0131 desteklemeye devam ediyor. Bu ama\u00e7la B\u00fcy\u00fck\u015fehir Belediyesi taraf\u0131ndan hizmete sunulan \u201cEngelsiz Turizm Otob\u00fcs\u00fc\u201d ile \u00f6zel bireylerin yaln\u0131zca ula\u015f\u0131m imkanlar\u0131 de\u011fil, ayn\u0131 zamanda k\u00fclt\u00fcrel ve sosyal etkinliklere kat\u0131l\u0131m f\u0131rsatlar\u0131 da art\u0131r\u0131l\u0131yor.<\/p>\n<p><img loading=\"lazy\" decoding=\"async\" class=\"alignnone wp-image-3655 size-full\" src=\"https:\/\/carsambaguncel.com\/wp-content\/uploads\/2026\/04\/IMG-4516-5-scaled.jpeg\" alt=\"\" width=\"2560\" height=\"1707\" \/><\/p>\n<p><strong>\u00d6zel bireyler i\u00e7in her bir ayr\u0131nt\u0131 d\u00fc\u015f\u00fcn\u00fclerek tasarland\u0131<\/strong><\/p>\n<p>Toplam 35 ki\u015fi kapasitesine sahip olan otob\u00fcs engelli bireylerin g\u00fcvenli ve konforlu bir \u015fekilde seyahat edebilmesi i\u00e7in modern donan\u0131mlarla tasarland\u0131. B\u00fcy\u00fck\u015fehir Belediyesi\u2019ne ait mevcutta hizmet veren \u00f6zel ula\u015f\u0131m servisleri bu yeni otob\u00fcsle daha da g\u00fc\u00e7lenirken hayata ge\u00e7irilen proje kapsam\u0131nda, \u00f6zel bireylerin hem Samsun\u2019un il\u00e7elerini ke\u015ffetmeleri hem de \u015fehir merkezindeki sosyal ve k\u00fclt\u00fcrel alanlara daha rahat ula\u015fmalar\u0131 hedefleniyor.<\/p>\n<p><img loading=\"lazy\" decoding=\"async\" class=\"alignnone wp-image-3656 size-full\" src=\"https:\/\/carsambaguncel.com\/wp-content\/uploads\/2026\/04\/IMG-4516-6-scaled.jpeg\" alt=\"\" width=\"2560\" height=\"1707\" \/><\/p>\n","protected":false},"excerpt":{"rendered":"<p>Samsun B\u00fcy\u00fck\u015fehir Belediyesi, \u00f6zel bireylerin ya\u015fam\u0131n\u0131 kolayla\u015ft\u0131ran ve sosyal hayata kat\u0131l\u0131mlar\u0131n\u0131 destekleyen projelerini s\u00fcrd\u00fcr\u00fcyor. Bu kapsamda&#46;&#46;&#46;<\/p>\n","protected":false},"author":3,"featured_media":3653,"comment_status":"open","ping_status":"closed","sticky":false,"template":"","format":"standard","meta":{"footnotes":""},"categories":[206,372,84,87,85,83,190],"tags":[91,109,419,201,57,644],"manset":[33],"class_list":["post-3651","post","type-post","status-publish","format-standard","has-post-thumbnail","hentry","category-atakum","category-bafra","category-carsamba","category-havza","category-salipazari","category-samsun","category-terme-havza","tag-belediye","tag-buyuksehir","tag-engelsiz","tag-otobus","tag-samsun","tag-turizim"],"_links":{"self":[{"href":"https:\/\/carsambaguncel.com\/index.php?rest_route=\/wp\/v2\/posts\/3651","targetHints":{"allow":["GET"]}}],"collection":[{"href":"https:\/\/carsambaguncel.com\/index.php?rest_route=\/wp\/v2\/posts"}],"about":[{"href":"https:\/\/carsambaguncel.com\/index.php?rest_route=\/wp\/v2\/types\/post"}],"author":[{"embeddable":true,"href":"https:\/\/carsambaguncel.com\/index.php?rest_route=\/wp\/v2\/users\/3"}],"replies":[{"embeddable":true,"href":"https:\/\/carsambaguncel.com\/index.php?rest_route=%2Fwp%2Fv2%2Fcomments&post=3651"}],"version-history":[{"count":1,"href":"https:\/\/carsambaguncel.com\/index.php?rest_route=\/wp\/v2\/posts\/3651\/revisions"}],"predecessor-version":[{"id":3657,"href":"https:\/\/carsambaguncel.com\/index.php?rest_route=\/wp\/v2\/posts\/3651\/revisions\/3657"}],"wp:featuredmedia":[{"embeddable":true,"href":"https:\/\/carsambaguncel.com\/index.php?rest_route=\/wp\/v2\/media\/3653"}],"wp:attachment":[{"href":"https:\/\/carsambaguncel.com\/index.php?rest_route=%2Fwp%2Fv2%2Fmedia&parent=3651"}],"wp:term":[{"taxonomy":"category","embeddable":true,"href":"https:\/\/carsambaguncel.com\/index.php?rest_route=%2Fwp%2Fv2%2Fcategories&post=3651"},{"taxonomy":"post_tag","embeddable":true,"href":"https:\/\/carsambaguncel.com\/index.php?rest_route=%2Fwp%2Fv2%2Ftags&post=3651"},{"taxonomy":"manset","embeddable":true,"href":"https:\/\/carsambaguncel.com\/index.php?rest_route=%2Fwp%2Fv2%2Fmanset&post=3651"}],"curies":[{"name":"wp","href":"https:\/\/api.w.org\/{rel}","templated":true}]}}