{"id":3666,"date":"2026-04-28T09:41:26","date_gmt":"2026-04-28T09:41:26","guid":{"rendered":"https:\/\/carsambaguncel.com\/?p=3666"},"modified":"2026-04-28T09:41:26","modified_gmt":"2026-04-28T09:41:26","slug":"carsamba-da-mevsimlik-iscilerin-eglencesi-kavgayla-bitti","status":"publish","type":"post","link":"https:\/\/carsambaguncel.com\/?p=3666","title":{"rendered":"\u00c7AR\u015eAMBA.DA  MEVS\u0130ML\u0130K \u0130\u015e\u00c7\u0130LER\u0130N E\u011eLENCES\u0130 KAVGAYLA B\u0130TT\u0130!"},"content":{"rendered":"<p><strong>\u00c7ar\u015famba il\u00e7esinde, mevsimlik i\u015f\u00e7ilerin bir araya geldi\u011fi e\u011flence ak\u015fam\u0131 arbedeyle noktaland\u0131. \u00c7\u0131kan tart\u0131\u015fman\u0131n b\u00fcy\u00fcmesi \u00fczerine jandarma ekipleri olaya m\u00fcdahale ederken, \u00e7ok say\u0131da ki\u015fi g\u00f6zalt\u0131na al\u0131nd\u0131.<\/strong><\/p>\n<div style=\"width: 640px;\" class=\"wp-video\"><video class=\"wp-video-shortcode\" id=\"video-3666-1\" width=\"640\" height=\"360\" preload=\"metadata\" controls=\"controls\"><source type=\"video\/mp4\" src=\"https:\/\/carsambaguncel.com\/wp-content\/uploads\/2026\/04\/unal.mp4?_=1\" \/><a href=\"https:\/\/carsambaguncel.com\/wp-content\/uploads\/2026\/04\/unal.mp4\">https:\/\/carsambaguncel.com\/wp-content\/uploads\/2026\/04\/unal.mp4<\/a><\/video><\/div>\n<p>Samsun\u2019un \u00c7ar\u015famba \u0130l\u00e7esi Do\u011fal Ya\u015fam Merkezi mevkiinde meydana gelen olayda, b\u00f6lgede \u00e7al\u0131\u015fan mevsimlik i\u015f\u00e7iler d\u00fc\u011f\u00fcn e\u011flencesi d\u00fczenlemek amac\u0131yla bir araya geldi. Kutlamalar devam ederken, gruplar aras\u0131nda hen\u00fcz belirlenemeyen bir sebeple s\u00f6zl\u00fc tart\u0131\u015fma \u00e7\u0131kt\u0131.<\/p>\n<p><strong>Jandarma M\u00fcdahale Etti<\/strong><\/p>\n<p>S\u00f6zl\u00fc tart\u0131\u015fman\u0131n k\u0131sa s\u00fcrede fiziki kavgaya d\u00f6n\u00fc\u015fmesi \u00fczerine \u00e7evredeki vatanda\u015flar durumu jandarmaya bildirdi. \u0130hbar \u00fczerine olay yerine \u00e7ok say\u0131da \u00c7ar\u015famba \u0130l\u00e7e Jandarma Komutanl\u0131\u011f\u0131 ekibi sevk edildi.<\/p>\n<p><strong>\u00c7ok say\u0131da g\u00f6zalt\u0131 yap\u0131ld\u0131!\u00a0<\/strong><\/p>\n<p>Jandarma ekiplerinin h\u0131zl\u0131 m\u00fcdahalesiyle kavga daha fazla b\u00fcy\u00fcmeden kontrol alt\u0131na al\u0131nd\u0131. Olayda \u015fans eseri yaralanan olmazken, kavgaya kar\u0131\u015ft\u0131\u011f\u0131 tespit edilen \u00e7ok say\u0131da ki\u015fi jandarma ekiplerince g\u00f6zalt\u0131na al\u0131narak karakola g\u00f6t\u00fcr\u00fcld\u00fc. Olayla ilgili geni\u015f \u00e7apl\u0131 inceleme ba\u015flat\u0131ld\u0131.<\/p>\n<p>&nbsp;<\/p>\n","protected":false},"excerpt":{"rendered":"<p>\u00c7ar\u015famba il\u00e7esinde, mevsimlik i\u015f\u00e7ilerin bir araya geldi\u011fi e\u011flence ak\u015fam\u0131 arbedeyle noktaland\u0131. \u00c7\u0131kan tart\u0131\u015fman\u0131n b\u00fcy\u00fcmesi \u00fczerine jandarma&#46;&#46;&#46;<\/p>\n","protected":false},"author":3,"featured_media":3668,"comment_status":"open","ping_status":"closed","sticky":false,"template":"","format":"standard","meta":{"footnotes":""},"categories":[84,89,83],"tags":[77,684,685,686,57],"manset":[33],"class_list":["post-3666","post","type-post","status-publish","format-standard","has-post-thumbnail","hentry","category-carsamba","category-ilce-haberleri","category-samsun","tag-carsamba","tag-dogalyasam","tag-merkazi","tag-mevsimlik-isciler","tag-samsun"],"_links":{"self":[{"href":"https:\/\/carsambaguncel.com\/index.php?rest_route=\/wp\/v2\/posts\/3666","targetHints":{"allow":["GET"]}}],"collection":[{"href":"https:\/\/carsambaguncel.com\/index.php?rest_route=\/wp\/v2\/posts"}],"about":[{"href":"https:\/\/carsambaguncel.com\/index.php?rest_route=\/wp\/v2\/types\/post"}],"author":[{"embeddable":true,"href":"https:\/\/carsambaguncel.com\/index.php?rest_route=\/wp\/v2\/users\/3"}],"replies":[{"embeddable":true,"href":"https:\/\/carsambaguncel.com\/index.php?rest_route=%2Fwp%2Fv2%2Fcomments&post=3666"}],"version-history":[{"count":1,"href":"https:\/\/carsambaguncel.com\/index.php?rest_route=\/wp\/v2\/posts\/3666\/revisions"}],"predecessor-version":[{"id":3670,"href":"https:\/\/carsambaguncel.com\/index.php?rest_route=\/wp\/v2\/posts\/3666\/revisions\/3670"}],"wp:featuredmedia":[{"embeddable":true,"href":"https:\/\/carsambaguncel.com\/index.php?rest_route=\/wp\/v2\/media\/3668"}],"wp:attachment":[{"href":"https:\/\/carsambaguncel.com\/index.php?rest_route=%2Fwp%2Fv2%2Fmedia&parent=3666"}],"wp:term":[{"taxonomy":"category","embeddable":true,"href":"https:\/\/carsambaguncel.com\/index.php?rest_route=%2Fwp%2Fv2%2Fcategories&post=3666"},{"taxonomy":"post_tag","embeddable":true,"href":"https:\/\/carsambaguncel.com\/index.php?rest_route=%2Fwp%2Fv2%2Ftags&post=3666"},{"taxonomy":"manset","embeddable":true,"href":"https:\/\/carsambaguncel.com\/index.php?rest_route=%2Fwp%2Fv2%2Fmanset&post=3666"}],"curies":[{"name":"wp","href":"https:\/\/api.w.org\/{rel}","templated":true}]}}