{"id":3688,"date":"2026-04-28T19:21:59","date_gmt":"2026-04-28T19:21:59","guid":{"rendered":"https:\/\/carsambaguncel.com\/?p=3688"},"modified":"2026-04-28T19:21:59","modified_gmt":"2026-04-28T19:21:59","slug":"samsun-akademik-meslek-tanitim-gunleri-yogun-katilimla-basladi","status":"publish","type":"post","link":"https:\/\/carsambaguncel.com\/?p=3688","title":{"rendered":"SAMSUN AKADEM\u0130K MESLEK TANITIM G\u00dcNLER\u0130 YO\u011eUN KATILIMLA BA\u015eLADI"},"content":{"rendered":"<p><strong>Gen\u00e7lerin kariyer yolculu\u011funda onlara daima destek olan Samsun B\u00fcy\u00fck\u015fehir Belediyesi \u00f6nc\u00fcl\u00fc\u011f\u00fcnde hayata ge\u00e7irilen Samsun Akademik Meslek Tan\u0131t\u0131m G\u00fcnleri, yo\u011fun ilgiyle ziyaret\u00e7ilerine kap\u0131lar\u0131n\u0131 a\u00e7t\u0131. Gelece\u011fine y\u00f6n vermek isteyen \u00f6\u011frencileri farkl\u0131 meslek gruplar\u0131yla bir araya getiren etkinlik ilk g\u00fcnden b\u00fcy\u00fck kat\u0131l\u0131mla dikkat \u00e7ekti. Program\u0131n ilk g\u00fcn\u00fcnde konu\u015fmac\u0131-yazar Ahmet \u015eerif \u0130zg\u00f6ren gen\u00e7lerle bulu\u015ftu.<\/strong><\/p>\n<p><img loading=\"lazy\" decoding=\"async\" class=\"alignnone wp-image-3691 size-full\" src=\"https:\/\/carsambaguncel.com\/wp-content\/uploads\/2026\/04\/IMG-5675-10-scaled.jpeg\" alt=\"\" width=\"2560\" height=\"1707\" \/><\/p>\n<p>Samsun B\u00fcy\u00fck\u015fehir Belediyesi, Samsun Valili\u011fi ve Samsun Akademik Odalar Birlikteli\u011fi i\u015f birli\u011finde d\u00fczenlenen Samsun Akademik Meslek Tan\u0131t\u0131m G\u00fcnleri yo\u011fun kat\u0131l\u0131mla ba\u015flad\u0131. A\u00e7\u0131l\u0131\u015f program\u0131na protokol \u00fcyeleri, B\u00fcy\u00fck\u015fehir Belediyesi b\u00fcrokratlar\u0131, meslek odalar\u0131 ba\u015fkanlar\u0131 ve \u00fcyeleri ile \u00e7ok say\u0131da \u00f6\u011frenci kat\u0131ld\u0131. Samsun B\u00fcy\u00fck\u015fehir Belediyesi \u00d6mer Halisdemir \u00c7ok Ama\u00e7l\u0131 Salon\u2019da ger\u00e7ekle\u015ftirilen program\u0131n ilk g\u00fcn\u00fcnde konu\u015fmac\u0131-yazar Ahmet \u015eerif \u0130zg\u00f6ren gen\u00e7lerle bir araya geldi. \u0130zg\u00f6ren\u2019in gen\u00e7lere ilham veren konu\u015fmas\u0131 b\u00fcy\u00fck ilgi g\u00f6r\u00fcrken \u00f6\u011frenciler ki\u015fisel geli\u015fim anlam\u0131nda \u00f6nemli tavsiyeler alma f\u0131rsat\u0131 buldu.<\/p>\n<p><img loading=\"lazy\" decoding=\"async\" class=\"alignnone wp-image-3692 size-full\" src=\"https:\/\/carsambaguncel.com\/wp-content\/uploads\/2026\/04\/IMG-5675-9-scaled.jpeg\" alt=\"\" width=\"2560\" height=\"1707\" \/><\/p>\n<p>Gen\u00e7lerin meslek se\u00e7im s\u00fcrecinde daha bilin\u00e7li ad\u0131mlar atmalar\u0131n\u0131 sa\u011flamak amac\u0131yla hayata ge\u00e7irilen organizasyonda kat\u0131l\u0131mc\u0131lar merak ettikleri meslekler hakk\u0131nda do\u011frudan bilgi alma, \u00e7al\u0131\u015fma alanlar\u0131n\u0131 yak\u0131ndan tan\u0131ma ve kariyer yolculuklar\u0131na dair sorular\u0131na yan\u0131t bulma imk\u00e2n\u0131 elde ediyor.<\/p>\n<p><img loading=\"lazy\" decoding=\"async\" class=\"alignnone wp-image-3693 size-full\" src=\"https:\/\/carsambaguncel.com\/wp-content\/uploads\/2026\/04\/IMG-5675-1-scaled.jpeg\" alt=\"\" width=\"2560\" height=\"1707\" \/><\/p>\n<p><strong>29 Nisan\u2019da sona erecek<\/strong><\/p>\n<p>29 Nisan \u00c7ar\u015famba (yar\u0131n) g\u00fcn\u00fc sona erecek olan Samsun Akademik Meslek Tan\u0131t\u0131m G\u00fcnleri saat 10.00 ile 16.00 aras\u0131nda t\u00fcm ziyaret\u00e7ilerini bekliyor.<\/p>\n","protected":false},"excerpt":{"rendered":"<p>Gen\u00e7lerin kariyer yolculu\u011funda onlara daima destek olan Samsun B\u00fcy\u00fck\u015fehir Belediyesi \u00f6nc\u00fcl\u00fc\u011f\u00fcnde hayata ge\u00e7irilen Samsun Akademik Meslek&#46;&#46;&#46;<\/p>\n","protected":false},"author":3,"featured_media":3690,"comment_status":"open","ping_status":"closed","sticky":false,"template":"","format":"standard","meta":{"footnotes":""},"categories":[206,372,84,87,85,83,190],"tags":[690,689,91,109,361,107,531,57],"manset":[33],"class_list":["post-3688","post","type-post","status-publish","format-standard","has-post-thumbnail","hentry","category-atakum","category-bafra","category-carsamba","category-havza","category-salipazari","category-samsun","category-terme-havza","tag-ahmet-serif-izgoren","tag-akademik","tag-belediye","tag-buyuksehir","tag-meslek","tag-ogrenci","tag-program","tag-samsun"],"_links":{"self":[{"href":"https:\/\/carsambaguncel.com\/index.php?rest_route=\/wp\/v2\/posts\/3688","targetHints":{"allow":["GET"]}}],"collection":[{"href":"https:\/\/carsambaguncel.com\/index.php?rest_route=\/wp\/v2\/posts"}],"about":[{"href":"https:\/\/carsambaguncel.com\/index.php?rest_route=\/wp\/v2\/types\/post"}],"author":[{"embeddable":true,"href":"https:\/\/carsambaguncel.com\/index.php?rest_route=\/wp\/v2\/users\/3"}],"replies":[{"embeddable":true,"href":"https:\/\/carsambaguncel.com\/index.php?rest_route=%2Fwp%2Fv2%2Fcomments&post=3688"}],"version-history":[{"count":1,"href":"https:\/\/carsambaguncel.com\/index.php?rest_route=\/wp\/v2\/posts\/3688\/revisions"}],"predecessor-version":[{"id":3694,"href":"https:\/\/carsambaguncel.com\/index.php?rest_route=\/wp\/v2\/posts\/3688\/revisions\/3694"}],"wp:featuredmedia":[{"embeddable":true,"href":"https:\/\/carsambaguncel.com\/index.php?rest_route=\/wp\/v2\/media\/3690"}],"wp:attachment":[{"href":"https:\/\/carsambaguncel.com\/index.php?rest_route=%2Fwp%2Fv2%2Fmedia&parent=3688"}],"wp:term":[{"taxonomy":"category","embeddable":true,"href":"https:\/\/carsambaguncel.com\/index.php?rest_route=%2Fwp%2Fv2%2Fcategories&post=3688"},{"taxonomy":"post_tag","embeddable":true,"href":"https:\/\/carsambaguncel.com\/index.php?rest_route=%2Fwp%2Fv2%2Ftags&post=3688"},{"taxonomy":"manset","embeddable":true,"href":"https:\/\/carsambaguncel.com\/index.php?rest_route=%2Fwp%2Fv2%2Fmanset&post=3688"}],"curies":[{"name":"wp","href":"https:\/\/api.w.org\/{rel}","templated":true}]}}