{"id":3695,"date":"2026-04-28T19:35:58","date_gmt":"2026-04-28T19:35:58","guid":{"rendered":"https:\/\/carsambaguncel.com\/?p=3695"},"modified":"2026-04-28T19:35:58","modified_gmt":"2026-04-28T19:35:58","slug":"ata-sahnede-buyuk-muzikal-bulusma","status":"publish","type":"post","link":"https:\/\/carsambaguncel.com\/?p=3695","title":{"rendered":"ATA SAHNE\u2019DE B\u00dcY\u00dcK M\u00dcZ\u0130KAL BULU\u015eMA"},"content":{"rendered":"<p><strong>SANATSEVERLERDEN YO\u011eUN \u0130LG\u0130<\/strong><\/p>\n<p>Samsun, Sinop, Ordu\u2019nun yan\u0131 s\u0131ra Kuzey K\u0131br\u0131s T\u00fcrk Cumhuriyetinden \u00f6nemli korolar\u0131 Ata Sahne Sanat Merkezinde bulu\u015fturan program, sanatseverlerden yo\u011fun ilgi g\u00f6rd\u00fc.<\/p>\n<p>Belediyenin K\u00fclt\u00fcr Sanat ve Sosyal \u0130\u015fler M\u00fcd\u00fcrl\u00fc\u011f\u00fc taraf\u0131ndan organize edilen \u2018Korolar Bulu\u015fmas\u0131\u2019nda \u00e7ocuk, gen\u00e7 ve yeti\u015fkin olmak \u00fczere \u00fc\u00e7 ayr\u0131 kategoride performanslar sergilendi. Programda \u00e7ocuk korosu b\u00f6l\u00fcm\u00fcnde Samsun Bilsem \u00c7ocuk ve Gen\u00e7lik Korosu Ufuk G\u00f6kcan e\u015fli\u011finde, Denizevleri Ortaokulu Korosu Feray F\u0131rat e\u015fli\u011finde, Atakum Belediyesi Amisos Korosu Kader Gen\u00e7 e\u015fli\u011finde, Kuzeyin Y\u0131ld\u0131zlar\u0131 Samsun Bilsem Korosu Deniz Turan Tun\u00e7 e\u015fli\u011finde gen\u00e7lik korosu b\u00f6l\u00fcm\u00fcnde Kybele Gen\u00e7lik Korosu Asya Metin e\u015fli\u011finde sahne ald\u0131. Yeti\u015fkin korosunda Sinope \u00c7ok Sesli Yeti\u015fkin Korosu Elif Koyuncu y\u00f6netiminde, K\u0131br\u0131s Otello \u00c7ok Sesli Korosu Rana Ulu\u00e7ay ile Erkan Da\u011fl\u0131 y\u00f6netiminde ve Amisos Akademi Korosu da Levent Ayd\u0131n y\u00f6netiminde sahne ald\u0131.<\/p>\n<p><img loading=\"lazy\" decoding=\"async\" class=\"alignnone wp-image-3698 size-full\" src=\"https:\/\/carsambaguncel.com\/wp-content\/uploads\/2026\/04\/ATA-SAHNEDE-BUYUK-MUZIKAL-BULUSMA-17.jpeg\" alt=\"\" width=\"1600\" height=\"1068\" \/><\/p>\n<p><strong>\u201cB\u00dcY\u00dcK BE\u011eEN\u0130 TOPLADI\u201d<\/strong><\/p>\n<p>Farkl\u0131 ku\u015faklar\u0131 ve m\u00fczikleri tek platformda bir araya getiren organizasyon, her ya\u015f ve zevke hitap eden i\u00e7eri\u011fiyle unutulmaz anlara imza att\u0131.\u0130ki b\u00f6l\u00fcm halinde ger\u00e7ekle\u015ftirilen programda \u00fclkemizin yan\u0131 s\u0131ra d\u00fcnyan\u0131n pop\u00fcler \u015fark\u0131lar\u0131n\u0131 seslendirildi. Koro \u015fefleri e\u015fli\u011finde birbirinden \u00f6zel performanslar sergileyen koristler, seslerinin g\u00fczelli\u011fi ile b\u00fcy\u00fck be\u011feni toplad\u0131.<\/p>\n<p><img loading=\"lazy\" decoding=\"async\" class=\"alignnone wp-image-3699 size-full\" src=\"https:\/\/carsambaguncel.com\/wp-content\/uploads\/2026\/04\/ATA-SAHNEDE-BUYUK-MUZIKAL-BULUSMA-18.jpeg\" alt=\"\" width=\"1600\" height=\"1068\" \/><\/p>\n<p><strong>\u201cG\u00d6N\u00dcLDEN TE\u015eEKK\u00dcR ED\u0130YORUM\u201d<\/strong><\/p>\n<p>Atakum Belediye Ba\u015fkan\u0131 Serhat T\u00fcrkel etkinlik hakk\u0131nda yapt\u0131\u011f\u0131 a\u00e7\u0131klamada organizasyonun sanat\u0131n birle\u015ftirici g\u00fcc\u00fcn\u00fc sergilemesi a\u00e7\u0131s\u0131ndan \u00f6nemli oldu\u011funa dikkat \u00e7ekti. Ba\u015fkan T\u00fcrkel \u201c23 Nisan program\u0131 kapsam\u0131nda kentimizin yan\u0131 s\u0131ra Sinop, Ordu gibi illerimizden ve Kuzey K\u0131br\u0131s\u2019tan korolar\u0131 Atakum\u2019da bir araya getirdi\u011fimiz organizasyonumuza g\u00f6sterilen ilgiden son derece mutlu olduk. Bu y\u0131l ilk kez d\u00fczenledi\u011fimiz etkinli\u011fin \u00e7ok sesli m\u00fczik k\u00fclt\u00fcr\u00fcn\u00fcn, sanat\u0131n yayg\u0131nla\u015ft\u0131r\u0131lmas\u0131 a\u00e7\u0131s\u0131ndan \u00f6nemli bir yere sahip olaca\u011f\u0131na inan\u0131yoruz. Program\u0131m\u0131za katk\u0131 sa\u011flayan t\u00fcm koristlerimize, \u015feflerimize, sanat\u00e7\u0131lar\u0131m\u0131za ve halk\u0131m\u0131za g\u00f6n\u00fclden te\u015fekk\u00fcr ediyorum.\u201d diye konu\u015ftu.<\/p>\n<p><img loading=\"lazy\" decoding=\"async\" class=\"alignnone wp-image-3700 size-full\" src=\"https:\/\/carsambaguncel.com\/wp-content\/uploads\/2026\/04\/ATA-SAHNEDE-BUYUK-MUZIKAL-BULUSMA-1.jpeg\" alt=\"\" width=\"1600\" height=\"1068\" \/><\/p>\n<p><strong>\u201c\u0130LK\u0130 GER\u00c7EKLE\u015eT\u0130RMEN\u0130N GURUNUNU TA\u015eIYORUZ\u201d<\/strong><\/p>\n<p>Atakum Belediyesi K\u00fclt\u00fcr, Sanat ve Sosyal \u0130\u015fler M\u00fcd\u00fcr\u00fc Deniz G\u00f6me\u00e7 programda yapt\u0131\u011f\u0131 konu\u015fmada \u015fu ifadeleri kulland\u0131: \u201cKorolar bulu\u015fmas\u0131nda olan b\u00fct\u00fcn korolara minnet doluyuz. \u00c7\u00fcnk\u00fc birlikte yapabilirsek, birlikte olursak bu i\u015fleri ba\u015faraca\u011f\u0131z. \u00d6n\u00fcm\u00fczdeki haziran ay\u0131nda bir de piyano festivali ger\u00e7ekle\u015ftirmeyi d\u00fc\u015f\u00fcn\u00fcyoruz. Bunun da m\u00fcjdesini veriyoruz. Atakum Belediyesi olarak, ge\u00e7ti\u011fimiz aylarda tiyatro toplulu\u011fumuzu olu\u015fturduk onlar da oyunlar\u0131n\u0131 sergiledi. Bug\u00fcn sahne alacak t\u00fcm koristlerimize, sanat\u00e7\u0131lar\u0131m\u0131za eme\u011fi ge\u00e7en t\u00fcm arkada\u015flar\u0131ma te\u015fekk\u00fcr ediyorum. \u00a0O kadar gururluyuz ve mutluyuz ki. Atakum il\u00e7emizde bir ilki ger\u00e7ekle\u015ftirmenin onurunu ya\u015f\u0131yoruz. Bug\u00fcn ilk defa korolar bulu\u015fmas\u0131n\u0131 ger\u00e7ekle\u015ftiriyoruz. Bu y\u0131l \u015fenlik demedik, \u00f6n\u00fcm\u00fczdeki sene \u015fenlik olarak devam edece\u011fiz. Bu sene 8 olan say\u0131m\u0131z\u0131 \u00f6n\u00fcm\u00fczdeki sene 18, 28 olarak art\u0131rmay\u0131 d\u00fc\u015f\u00fcn\u00fcyoruz.\u201d<\/p>\n<p><img loading=\"lazy\" decoding=\"async\" class=\"alignnone wp-image-3702 size-full\" src=\"https:\/\/carsambaguncel.com\/wp-content\/uploads\/2026\/04\/ATA-SAHNEDE-BUYUK-MUZIKAL-BULUSMA-4.jpeg\" alt=\"\" width=\"1600\" height=\"1068\" \/><\/p>\n<p><strong>\u201cB\u00dcY\u00dcYEREK DEVAM EDECEK\u201d<\/strong><\/p>\n<p>Amisos Akademi Korosu \u015eefi Levent Ayd\u0131n da \u201cAmisos Akademi Korosu ve Atakum Belediyesi Amisos \u00c7ocuk Korosu ile birlikte bu organizasyonu planlad\u0131k. Atakum Belediye Ba\u015fkan\u0131 Serhat T\u00fcrkel\u2019e, b\u00f6yle bir organizasyonda bize \u00f6n ayak oldu\u011fu i\u00e7in \u00e7ok te\u015fekk\u00fcr ediyoruz. De\u011ferli m\u00fcd\u00fcr\u00fcm\u00fcz Deniz G\u00f6me\u00e7\u2019e de \u00e7ok te\u015fekk\u00fcr ediyoruz. Atakum T\u00fcrkiye\u2019nin en \u00f6zel il\u00e7elerinden bir tanesi. Sahili ve sosyal imkanlar\u0131 olsun m\u00fckemmel bir \u015fehir. Biz b\u00f6yle bir \u015fehirde, sanatsal faaliyetlerin \u00e7ok daha fazla olabilmesi i\u00e7in elimizden gelen gayreti g\u00f6stermeye devam edece\u011fiz. \u0130lkini d\u00fczenliyoruz ve bundan sonra \u00e7ok daha b\u00fcy\u00fcyerek devam edecek.\u201d c\u00fcmlelerini kaydetti.<\/p>\n<p><img loading=\"lazy\" decoding=\"async\" class=\"alignnone wp-image-3703 size-full\" src=\"https:\/\/carsambaguncel.com\/wp-content\/uploads\/2026\/04\/ATA-SAHNEDE-BUYUK-MUZIKAL-BULUSMA-11.jpeg\" alt=\"\" width=\"1600\" height=\"900\" \/><\/p>\n<p><strong>\u201c\u00c7OK KEY\u0130FL\u0130YD\u0130\u201d<\/strong><\/p>\n<p>Sanat\u00e7\u0131s\u0131ndan seyircisine programa kat\u0131lan vatanda\u015flar, organizasyonda yer almaktan b\u00fcy\u00fck mutluluk duyduklar\u0131n\u0131 belirterek duygular\u0131n\u0131 payla\u015ft\u0131. \u00c7ocuk korosunda performans sergileyen bir korist \u201cBu etkinlik i\u00e7in \u00e7ok heyecanl\u0131y\u0131m. \u0130n\u015fallah, her y\u0131l bu etkinli\u011fi yapar\u0131z. Koro bulu\u015fmas\u0131 olmas\u0131ndan \u00e7ok mutluyum\u201d derken program\u0131 izleyen bir sanatsever \u201c\u00c7ok keyifliydi, \u00c7ocuk gen\u00e7lik ve yeti\u015fkin korolar\u0131 da harikayd\u0131. Kula\u011f\u0131m\u0131z\u0131n pas\u0131 silindi. Bu \u00e7ok sesli korolar\u0131 dinlemeyenlere tavsiyem olsun. M\u00fcthi\u015f keyifli ve \u00e7ok g\u00fczeldi. O y\u00fczden, hem Atakum Belediyesine hem de etkinli\u011fi koordine eden arkada\u015flara \u00e7ok te\u015fekk\u00fcr ederiz.\u201d \u015feklinde konu\u015ftu.<\/p>\n<p>&nbsp;<\/p>\n","protected":false},"excerpt":{"rendered":"<p>SANATSEVERLERDEN YO\u011eUN \u0130LG\u0130 Samsun, Sinop, Ordu\u2019nun yan\u0131 s\u0131ra Kuzey K\u0131br\u0131s T\u00fcrk Cumhuriyetinden \u00f6nemli korolar\u0131 Ata Sahne&#46;&#46;&#46;<\/p>\n","protected":false},"author":3,"featured_media":3697,"comment_status":"open","ping_status":"closed","sticky":false,"template":"","format":"standard","meta":{"footnotes":""},"categories":[206,83],"tags":[115,91,693,691,692,57,209],"manset":[33],"class_list":["post-3695","post","type-post","status-publish","format-standard","has-post-thumbnail","hentry","category-atakum","category-samsun","tag-atakum","tag-belediye","tag-kibris","tag-koro","tag-kuzey","tag-samsun","tag-sanat"],"_links":{"self":[{"href":"https:\/\/carsambaguncel.com\/index.php?rest_route=\/wp\/v2\/posts\/3695","targetHints":{"allow":["GET"]}}],"collection":[{"href":"https:\/\/carsambaguncel.com\/index.php?rest_route=\/wp\/v2\/posts"}],"about":[{"href":"https:\/\/carsambaguncel.com\/index.php?rest_route=\/wp\/v2\/types\/post"}],"author":[{"embeddable":true,"href":"https:\/\/carsambaguncel.com\/index.php?rest_route=\/wp\/v2\/users\/3"}],"replies":[{"embeddable":true,"href":"https:\/\/carsambaguncel.com\/index.php?rest_route=%2Fwp%2Fv2%2Fcomments&post=3695"}],"version-history":[{"count":1,"href":"https:\/\/carsambaguncel.com\/index.php?rest_route=\/wp\/v2\/posts\/3695\/revisions"}],"predecessor-version":[{"id":3704,"href":"https:\/\/carsambaguncel.com\/index.php?rest_route=\/wp\/v2\/posts\/3695\/revisions\/3704"}],"wp:featuredmedia":[{"embeddable":true,"href":"https:\/\/carsambaguncel.com\/index.php?rest_route=\/wp\/v2\/media\/3697"}],"wp:attachment":[{"href":"https:\/\/carsambaguncel.com\/index.php?rest_route=%2Fwp%2Fv2%2Fmedia&parent=3695"}],"wp:term":[{"taxonomy":"category","embeddable":true,"href":"https:\/\/carsambaguncel.com\/index.php?rest_route=%2Fwp%2Fv2%2Fcategories&post=3695"},{"taxonomy":"post_tag","embeddable":true,"href":"https:\/\/carsambaguncel.com\/index.php?rest_route=%2Fwp%2Fv2%2Ftags&post=3695"},{"taxonomy":"manset","embeddable":true,"href":"https:\/\/carsambaguncel.com\/index.php?rest_route=%2Fwp%2Fv2%2Fmanset&post=3695"}],"curies":[{"name":"wp","href":"https:\/\/api.w.org\/{rel}","templated":true}]}}