{"id":3723,"date":"2026-04-30T13:33:22","date_gmt":"2026-04-30T13:33:22","guid":{"rendered":"https:\/\/carsambaguncel.com\/?p=3723"},"modified":"2026-04-30T13:33:22","modified_gmt":"2026-04-30T13:33:22","slug":"baskan-karacadan-1-mayis-mesaji","status":"publish","type":"post","link":"https:\/\/carsambaguncel.com\/?p=3723","title":{"rendered":"BA\u015eKAN KARACA&#8217;DAN 1 MAYIS MESAJI"},"content":{"rendered":"<p>Samsun\u2019un Sal\u0131pazar\u0131 il\u00e7esinde Belediye Ba\u015fkan\u0131 Refaettin Karaca, 1 May\u0131s \u0130\u015f\u00e7i Bayram\u0131 dolay\u0131s\u0131yla yay\u0131mlad\u0131\u011f\u0131 mesajda emek ve dayan\u0131\u015fma vurgusu yapt\u0131. Karaca, 1 May\u0131s\u2019\u0131n bar\u0131\u015f ve huzur i\u00e7inde, bayram co\u015fkusuyla kutlanmas\u0131 temennisinde bulunarak, bu \u00f6zel g\u00fcn\u00fcn toplumsal birlikteli\u011fi g\u00fc\u00e7lendirmesini diledi.<br \/>\nEme\u011fin ve al\u0131n terinin toplumun en \u00f6nemli de\u011ferleri aras\u0131nda yer ald\u0131\u011f\u0131n\u0131 ifade eden Karaca, i\u015f\u00e7ilerin sadece belirli g\u00fcnlerde de\u011fil her zaman desteklenmesi gerekti\u011fini belirtti. \u201cAl\u0131n teri ve emek bizim i\u00e7in en y\u00fcce de\u011ferdir. \u0130nsana ve eme\u011fe sayg\u0131y\u0131 esas alan bir anlay\u0131\u015fla hareket ediyoruz. Her ko\u015fulda emek\u00e7i karde\u015flerimizin yan\u0131nda olmay\u0131 s\u00fcrd\u00fcrece\u011fiz\u201d dedi.<br \/>\nBelediye olarak \u00e7al\u0131\u015fanlar\u0131n ya\u015fam standartlar\u0131n\u0131 y\u00fckseltmek i\u00e7in \u00e7al\u0131\u015ft\u0131klar\u0131n\u0131 dile getiren Karaca, eme\u011fe sayg\u0131n\u0131n demokratik toplumlar\u0131n vazge\u00e7ilmez unsurlar\u0131ndan biri oldu\u011funa dikkat \u00e7ekti. Mesaj\u0131n\u0131n sonunda t\u00fcm i\u015f\u00e7ilerin ve emek\u00e7ilerin 1 May\u0131s \u0130\u015f\u00e7i Bayram\u0131\u2019n\u0131 kutlayarak selamlar\u0131n\u0131 iletti.<\/p>\n","protected":false},"excerpt":{"rendered":"<p>Samsun\u2019un Sal\u0131pazar\u0131 il\u00e7esinde Belediye Ba\u015fkan\u0131 Refaettin Karaca, 1 May\u0131s \u0130\u015f\u00e7i Bayram\u0131 dolay\u0131s\u0131yla yay\u0131mlad\u0131\u011f\u0131 mesajda emek ve&#46;&#46;&#46;<\/p>\n","protected":false},"author":3,"featured_media":3725,"comment_status":"open","ping_status":"closed","sticky":false,"template":"","format":"standard","meta":{"footnotes":""},"categories":[84,89,85,83],"tags":[695,92,91,77,93,458,57],"manset":[],"class_list":["post-3723","post","type-post","status-publish","format-standard","has-post-thumbnail","hentry","category-carsamba","category-ilce-haberleri","category-salipazari","category-samsun","tag-695","tag-baskan","tag-belediye","tag-carsamba","tag-karaca","tag-mayis","tag-samsun"],"_links":{"self":[{"href":"https:\/\/carsambaguncel.com\/index.php?rest_route=\/wp\/v2\/posts\/3723","targetHints":{"allow":["GET"]}}],"collection":[{"href":"https:\/\/carsambaguncel.com\/index.php?rest_route=\/wp\/v2\/posts"}],"about":[{"href":"https:\/\/carsambaguncel.com\/index.php?rest_route=\/wp\/v2\/types\/post"}],"author":[{"embeddable":true,"href":"https:\/\/carsambaguncel.com\/index.php?rest_route=\/wp\/v2\/users\/3"}],"replies":[{"embeddable":true,"href":"https:\/\/carsambaguncel.com\/index.php?rest_route=%2Fwp%2Fv2%2Fcomments&post=3723"}],"version-history":[{"count":1,"href":"https:\/\/carsambaguncel.com\/index.php?rest_route=\/wp\/v2\/posts\/3723\/revisions"}],"predecessor-version":[{"id":3726,"href":"https:\/\/carsambaguncel.com\/index.php?rest_route=\/wp\/v2\/posts\/3723\/revisions\/3726"}],"wp:featuredmedia":[{"embeddable":true,"href":"https:\/\/carsambaguncel.com\/index.php?rest_route=\/wp\/v2\/media\/3725"}],"wp:attachment":[{"href":"https:\/\/carsambaguncel.com\/index.php?rest_route=%2Fwp%2Fv2%2Fmedia&parent=3723"}],"wp:term":[{"taxonomy":"category","embeddable":true,"href":"https:\/\/carsambaguncel.com\/index.php?rest_route=%2Fwp%2Fv2%2Fcategories&post=3723"},{"taxonomy":"post_tag","embeddable":true,"href":"https:\/\/carsambaguncel.com\/index.php?rest_route=%2Fwp%2Fv2%2Ftags&post=3723"},{"taxonomy":"manset","embeddable":true,"href":"https:\/\/carsambaguncel.com\/index.php?rest_route=%2Fwp%2Fv2%2Fmanset&post=3723"}],"curies":[{"name":"wp","href":"https:\/\/api.w.org\/{rel}","templated":true}]}}