{"id":3727,"date":"2026-04-30T17:06:51","date_gmt":"2026-04-30T17:06:51","guid":{"rendered":"https:\/\/carsambaguncel.com\/?p=3727"},"modified":"2026-04-30T17:06:51","modified_gmt":"2026-04-30T17:06:51","slug":"ayvacikta-bahar-senligi-tartismasi","status":"publish","type":"post","link":"https:\/\/carsambaguncel.com\/?p=3727","title":{"rendered":"AYVACIK\u2019TA BAHAR \u015eENL\u0130\u011e\u0130 TARTI\u015eMASI"},"content":{"rendered":"<p>Ayvac\u0131k il\u00e7esinde d\u00fczenlenmesi planlanan \u201cBahar \u015eenli\u011fi\u201d, iki farkl\u0131 kurumun ayn\u0131 tarihte organizasyon yapmak istemesi nedeniyle krize d\u00f6n\u00fc\u015ft\u00fc.<\/p>\n<p>Ayvac\u0131k Ziraat Odas\u0131\u2019n\u0131n her y\u0131l geleneksel olarak d\u00fczenledi\u011fi \u015fenlik, bu y\u0131l Ankara merkezli Ayvac\u0131kl\u0131lar Derne\u011fi\u2019nin de ayn\u0131 tarihte etkinlik talebinde bulunmas\u0131yla kar\u0131\u015ft\u0131. \u0130l\u00e7ede yakla\u015f\u0131k 6 bin \u00e7ift\u00e7iyi temsil eden 43 mahalle muhtar\u0131 ve delegeler, taraflara \u201c\u015fenli\u011fi birlikte d\u00fczenleyelim\u201d \u00e7a\u011fr\u0131s\u0131 yapt\u0131.<\/p>\n<p><img loading=\"lazy\" decoding=\"async\" class=\"alignnone wp-image-3730 size-full\" src=\"https:\/\/carsambaguncel.com\/wp-content\/uploads\/2026\/04\/whatsapp-image-2026-04-30-at-163700_1777558568_VUbhko.webp\" alt=\"\" width=\"1280\" height=\"720\" \/><\/p>\n<p><strong>Ba\u015fvurular kafa kar\u0131\u015ft\u0131rd\u0131<\/strong><\/p>\n<p>Ayvac\u0131kl\u0131lar Derne\u011fi, 18 \u015eubat 2026 tarihinde Ayvac\u0131k Belediyesi\u2019ne ba\u015fvurarak \u015fenlik d\u00fczenlemek istedi. Ziraat Odas\u0131 ise 16 Nisan 2026\u2019da Ayvac\u0131k Kaymakaml\u0131\u011f\u0131\u2019na izin ve yer tahsisi talebinde bulundu. Her iki kurumun da etkinli\u011fi il\u00e7e merkezindeki Ayhan \u015eahenk Meydan\u0131\u2019nda planlamas\u0131, daha \u015fenlik yap\u0131lmadan tart\u0131\u015fmaya neden oldu.<\/p>\n<p><img loading=\"lazy\" decoding=\"async\" class=\"alignnone wp-image-3731 size-full\" src=\"https:\/\/carsambaguncel.com\/wp-content\/uploads\/2026\/04\/ayv2_1777558520_VLPpO9.webp\" alt=\"\" width=\"1280\" height=\"720\" \/><\/p>\n<p><strong>Koordinasyon ele\u015ftirisi<\/strong><\/p>\n<p>Belediyenin, derne\u011fin \u015eubat ay\u0131nda yapt\u0131\u011f\u0131 ba\u015fvuruya uzun s\u00fcre yan\u0131t vermemesi; buna kar\u015f\u0131l\u0131k Ziraat Odas\u0131\u2019n\u0131n ba\u015fvurusuna k\u0131sa s\u00fcrede d\u00f6n\u00fc\u015f yap\u0131lmas\u0131 dikkat \u00e7ekti. Kurumlar\u0131n farkl\u0131 mercilere ba\u015fvurmas\u0131 ise koordinasyon eksikli\u011fi olarak yorumland\u0131.<\/p>\n<p><img loading=\"lazy\" decoding=\"async\" class=\"alignnone wp-image-3732 size-full\" src=\"https:\/\/carsambaguncel.com\/wp-content\/uploads\/2026\/04\/ayv1_1777558511_Z5xTOS.webp\" alt=\"\" width=\"1280\" height=\"720\" \/><\/p>\n<p><strong>\u0130zin derne\u011fe verildi<\/strong><\/p>\n<p>30 Haziran\u2019da yap\u0131lmas\u0131 planlanan \u015fenlik i\u00e7in resmi izin yaln\u0131zca Ayvac\u0131kl\u0131lar Derne\u011fi\u2019ne verildi. Kaymakaml\u0131k, ayn\u0131 alanda birden fazla etkinlik d\u00fczenlenemeyece\u011fini belirterek tahsislerin \u201ce\u015fitlik ve hakkaniyet ilkeleri do\u011frultusunda, ba\u015fvuru \u00f6nceli\u011fine g\u00f6re\u201d yap\u0131ld\u0131\u011f\u0131n\u0131 a\u00e7\u0131klad\u0131.<\/p>\n<p><img loading=\"lazy\" decoding=\"async\" class=\"alignnone wp-image-3733 size-full\" src=\"https:\/\/carsambaguncel.com\/wp-content\/uploads\/2026\/04\/ayv3_1777558531_4qtfUD.webp\" alt=\"\" width=\"1280\" height=\"720\" \/><img loading=\"lazy\" decoding=\"async\" class=\"alignnone wp-image-3734 size-full\" src=\"https:\/\/carsambaguncel.com\/wp-content\/uploads\/2026\/04\/ayv4_1777558541_2JCr5p.webp\" alt=\"\" width=\"1280\" height=\"720\" \/> <img loading=\"lazy\" decoding=\"async\" class=\"alignnone wp-image-3735 size-full\" src=\"https:\/\/carsambaguncel.com\/wp-content\/uploads\/2026\/04\/ayv5_1777558552_REtxgY.webp\" alt=\"\" width=\"1280\" height=\"720\" \/><\/p>\n<p><strong>\u201cBirlikte yapal\u0131m\u201d \u00e7a\u011fr\u0131s\u0131<\/strong><\/p>\n<p>Ya\u015fanan geli\u015fmeler \u00fczerine il\u00e7edeki 43 mahalle muhtar\u0131 ve delegeler bir araya gelerek ortak bir karar ald\u0131. Yakla\u015f\u0131k 6 bin \u00e7ift\u00e7iyi temsil eden kat\u0131l\u0131mc\u0131lar, \u015fenli\u011fin tek \u00e7at\u0131 alt\u0131nda yap\u0131lmas\u0131n\u0131n Ayvac\u0131k\u2019\u0131n birlik ve beraberli\u011fine katk\u0131 sa\u011flayaca\u011f\u0131n\u0131 vurgulad\u0131.<\/p>\n<p>&nbsp;<\/p>\n","protected":false},"excerpt":{"rendered":"<p>Ayvac\u0131k il\u00e7esinde d\u00fczenlenmesi planlanan \u201cBahar \u015eenli\u011fi\u201d, iki farkl\u0131 kurumun ayn\u0131 tarihte organizasyon yapmak istemesi nedeniyle krize&#46;&#46;&#46;<\/p>\n","protected":false},"author":3,"featured_media":3729,"comment_status":"open","ping_status":"closed","sticky":false,"template":"","format":"standard","meta":{"footnotes":""},"categories":[696,84,83],"tags":[697,698,699],"manset":[33],"class_list":["post-3727","post","type-post","status-publish","format-standard","has-post-thumbnail","hentry","category-ayvacik","category-carsamba","category-samsun","tag-ayvacik-ziraat-odasi","tag-istanbul-ayvaciklar-dernegi","tag-senlik"],"_links":{"self":[{"href":"https:\/\/carsambaguncel.com\/index.php?rest_route=\/wp\/v2\/posts\/3727","targetHints":{"allow":["GET"]}}],"collection":[{"href":"https:\/\/carsambaguncel.com\/index.php?rest_route=\/wp\/v2\/posts"}],"about":[{"href":"https:\/\/carsambaguncel.com\/index.php?rest_route=\/wp\/v2\/types\/post"}],"author":[{"embeddable":true,"href":"https:\/\/carsambaguncel.com\/index.php?rest_route=\/wp\/v2\/users\/3"}],"replies":[{"embeddable":true,"href":"https:\/\/carsambaguncel.com\/index.php?rest_route=%2Fwp%2Fv2%2Fcomments&post=3727"}],"version-history":[{"count":1,"href":"https:\/\/carsambaguncel.com\/index.php?rest_route=\/wp\/v2\/posts\/3727\/revisions"}],"predecessor-version":[{"id":3738,"href":"https:\/\/carsambaguncel.com\/index.php?rest_route=\/wp\/v2\/posts\/3727\/revisions\/3738"}],"wp:featuredmedia":[{"embeddable":true,"href":"https:\/\/carsambaguncel.com\/index.php?rest_route=\/wp\/v2\/media\/3729"}],"wp:attachment":[{"href":"https:\/\/carsambaguncel.com\/index.php?rest_route=%2Fwp%2Fv2%2Fmedia&parent=3727"}],"wp:term":[{"taxonomy":"category","embeddable":true,"href":"https:\/\/carsambaguncel.com\/index.php?rest_route=%2Fwp%2Fv2%2Fcategories&post=3727"},{"taxonomy":"post_tag","embeddable":true,"href":"https:\/\/carsambaguncel.com\/index.php?rest_route=%2Fwp%2Fv2%2Ftags&post=3727"},{"taxonomy":"manset","embeddable":true,"href":"https:\/\/carsambaguncel.com\/index.php?rest_route=%2Fwp%2Fv2%2Fmanset&post=3727"}],"curies":[{"name":"wp","href":"https:\/\/api.w.org\/{rel}","templated":true}]}}