{"id":3767,"date":"2026-05-02T11:20:43","date_gmt":"2026-05-02T11:20:43","guid":{"rendered":"https:\/\/carsambaguncel.com\/?p=3767"},"modified":"2026-05-02T11:20:43","modified_gmt":"2026-05-02T11:20:43","slug":"carsambada-8-kitap-fuari-kapilarini-acti","status":"publish","type":"post","link":"https:\/\/carsambaguncel.com\/?p=3767","title":{"rendered":"\u00c7AR\u015eAMBA\u2019DA 8. K\u0130TAP FUARI KAPILARINI A\u00c7TI"},"content":{"rendered":"<p><strong>\u00c7ar\u015famba Belediyesi taraf\u0131ndan bu y\u0131l 8&#8217;incisi d\u00fczenlenen \u00c7ar\u015famba Kitap Fuar\u0131n\u0131n a\u00e7\u0131l\u0131\u015f\u0131 g\u00f6rkemli bir t\u00f6renle ger\u00e7ekle\u015ftirildi<\/strong><\/p>\n<p>\u00c7ar\u015famba Belediyesi taraf\u0131ndan organize edilen 8\u2019inci Kitap Fuar\u0131n\u0131n a\u00e7\u0131l\u0131\u015f\u0131 yo\u011fun kat\u0131l\u0131mla ger\u00e7ekle\u015ftirildi. Abdullah Pa\u015fa Meydan\u0131\u2019nda kurulan Kitap Fuar\u0131 a\u00e7\u0131l\u0131\u015f\u0131na, \u00c7ar\u015famba Kaymakam Refiki Mehmet Eren Co\u015fkun, \u00c7ar\u015famba Belediye Ba\u015fkan\u0131 H\u00fcseyin D\u00fcndar, AK Parti \u0130l\u00e7e Ba\u015fkan\u0131 Ersin Sand\u0131k\u00e7\u0131, \u0130l\u00e7e Milli E\u011fitim M\u00fcd\u00fcr\u00fc Murat Bedir, \u00c7ar\u015famba Ticaret ve Sanayi Odas\u0131 Ba\u015fkan\u0131 Ayhan Sonkaya, \u00c7ar\u015famba \u0130nsan ve Toplum Bilimleri Dekan\u0131 Prof. Dr. \u0130brahim Serbesto\u011flu, Gen\u00e7 Memur-Sen Samsun \u0130l Ba\u015fkan\u0131 \u00d6\u011fr. G\u00f6r. Dr. Onur \u015een, STK ve siyasi parti temsilcileri, okul m\u00fcd\u00fcrleri, \u00f6\u011frenciler ve \u00e7ok say\u0131da vatanda\u015f kat\u0131ld\u0131.<\/p>\n<p><img loading=\"lazy\" decoding=\"async\" class=\"alignnone wp-image-3770 size-full\" src=\"https:\/\/carsambaguncel.com\/wp-content\/uploads\/2026\/05\/686725876_1513147560202139_695548830612436004_n.jpg\" alt=\"\" width=\"2048\" height=\"1366\" \/><\/p>\n<p><strong>Bir kitab\u0131n kaderi, onu okuyan\u0131n haf\u0131zas\u0131na ba\u011fl\u0131d\u0131r\u201d<\/strong><\/p>\n<p>A\u00e7\u0131l\u0131\u015fta konu\u015fan T\u00fcrk \u015eairi Nurullah Gen\u00e7, okuman\u0131n ve okutman\u0131n de\u011ferinden bahsederek, \u201cE\u011fer insan okumay\u0131 beceremezse, g\u00f6stergeleri zay\u0131f kal\u0131r. Hepimizin kitaba gerekli de\u011feri vermeleri gerekir. \u00c7ocuklar\u0131m\u0131z\u0131 okumaya al\u0131\u015ft\u0131rmam\u0131z gerekir. Bir kitab\u0131n kaderi, onu okuyan\u0131n haf\u0131zas\u0131na ba\u011fl\u0131d\u0131r.<\/p>\n<p>E\u011fer biz kelimelerimizi zenginle\u015ftiremezsek kitaplarla aram\u0131za duvar \u00f6r\u00fclecektir. \u0130\u015fte bu bizi batakl\u0131\u011fa g\u00f6t\u00fcr\u00fcr. Bu durum bizi d\u00fcnyadan uzakla\u015ft\u0131r\u0131r. Bu kitaplar\u0131 bizlerle bulu\u015fturan Belediye Ba\u015fkan\u0131m\u0131z H\u00fcseyin D\u00fcndar ve ekibine te\u015fekk\u00fcr ederiz. \u00c7ar\u015famba\u2019ya hay\u0131rl\u0131 u\u011furlu olsun\u201d ifadelerini kulland\u0131.<\/p>\n<p><img loading=\"lazy\" decoding=\"async\" class=\"alignnone wp-image-3771 size-full\" src=\"https:\/\/carsambaguncel.com\/wp-content\/uploads\/2026\/05\/684167357_1513147646868797_6184586682861570352_n.jpg\" alt=\"\" width=\"2048\" height=\"1370\" \/><\/p>\n<p><strong>70\u2019ten fazla yay\u0131nevi ve 100\u2019den fazla yazar<\/strong><\/p>\n<p>\u00c7ar\u015famba Belediye Ba\u015fkan\u0131 H\u00fcseyin D\u00fcndar ise, \u201c2013 y\u0131l\u0131nda ba\u015flad\u0131\u011f\u0131m\u0131z k\u00fclt\u00fcr kokan kitap fuar\u0131m\u0131z\u0131n bu y\u0131l 8\u2019incisini ger\u00e7ekle\u015ftiriyoruz. 2-10 May\u0131s tarihleri aras\u0131nda bereketli, g\u00fczel, maksad\u0131na ula\u015fan bir 8\u2019inci Kitap Fuar\u0131n\u0131 birlikte in\u015fa edece\u011fimize inan\u0131yorum. 2013 y\u0131l\u0131nda ilk fuar\u0131 d\u00fczenledik. 2019 y\u0131l\u0131na kadar 6 fuar yapt\u0131k. \u015eimdi ise 8.sini yap\u0131yoruz. Fuar\u0131m\u0131za 100\u2019den fazla yazar\u0131m\u0131z, \u015fairimiz kat\u0131l\u0131yor. \u0130mza etkinlikleri, s\u00f6yle\u015filer ve 70\u2019ten fazla yay\u0131neviyle birlikte 2- 10 May\u0131s tarihleri aras\u0131nda \u00c7ar\u015famba\u2019m\u0131zda 8\u2019inci kitap fuar\u0131m\u0131z\u0131 ger\u00e7ekle\u015ftiriyoruz. \u015eehrimize ve hem\u015fehrilerimize hay\u0131rl\u0131 u\u011furlu olsun\u201d dedi.<\/p>\n<p><img loading=\"lazy\" decoding=\"async\" class=\"alignnone wp-image-3772 size-full\" src=\"https:\/\/carsambaguncel.com\/wp-content\/uploads\/2026\/05\/688151924_1513144396869122_7170658589491015082_n.jpg\" alt=\"\" width=\"960\" height=\"622\" \/><\/p>\n<p>Konu\u015fmalar\u0131n ard\u0131ndan a\u00e7\u0131l\u0131\u015f t\u00f6reni ger\u00e7ekle\u015ftirilirken, protokol \u00fcyeleri fuar i\u00e7erisinde bulunan stantlar\u0131 ziyaret etti.<\/p>\n<p>erel ve ulusal yazarlar, s\u00f6yle\u015filer, paneller, imza g\u00fcnleri, \u00e7ocuk programlar\u0131, tiyatro etkinlikleri ve bir\u00e7ok k\u00fclt\u00fcrel faaliyetin yer alaca\u011f\u0131 kitap fuar\u0131, 70\u2019ten fazla yerel ve ulusal yay\u0131nevi ile bir\u00e7ok yazar ve sanat\u00e7\u0131y\u0131 bir araya getirerek, 02 \u2013 10 May\u0131s tarihlerinde ziyaret\u00e7ilerini a\u011f\u0131rlayacak.<\/p>\n<p><img loading=\"lazy\" decoding=\"async\" class=\"alignnone size-medium wp-image-3773\" src=\"https:\/\/carsambaguncel.com\/wp-content\/uploads\/2026\/05\/684697377_1513147640202131_8474012392060893919_n-300x195.jpg\" alt=\"\" width=\"300\" height=\"195\" \/> <img loading=\"lazy\" decoding=\"async\" class=\"alignnone size-medium wp-image-3774\" src=\"https:\/\/carsambaguncel.com\/wp-content\/uploads\/2026\/05\/685637517_1513147313535497_6754945197730428255_n-300x200.jpg\" alt=\"\" width=\"300\" height=\"200\" \/> <img loading=\"lazy\" decoding=\"async\" class=\"alignnone size-medium wp-image-3775\" src=\"https:\/\/carsambaguncel.com\/wp-content\/uploads\/2026\/05\/685639009_1513147276868834_550266078372570501_n-300x200.jpg\" alt=\"\" width=\"300\" height=\"200\" \/> <img loading=\"lazy\" decoding=\"async\" class=\"alignnone size-medium wp-image-3776\" src=\"https:\/\/carsambaguncel.com\/wp-content\/uploads\/2026\/05\/685787810_1513147683535460_2228705124989691875_n-300x169.jpg\" alt=\"\" width=\"300\" height=\"169\" \/> <img loading=\"lazy\" decoding=\"async\" class=\"alignnone size-medium wp-image-3777\" src=\"https:\/\/carsambaguncel.com\/wp-content\/uploads\/2026\/05\/685934675_1513144443535784_1729020042385439433_n-300x200.jpg\" alt=\"\" width=\"300\" height=\"200\" \/> <img loading=\"lazy\" decoding=\"async\" class=\"alignnone size-medium wp-image-3778\" src=\"https:\/\/carsambaguncel.com\/wp-content\/uploads\/2026\/05\/685934916_1513147343535494_2007434007608572343_n-300x200.jpg\" alt=\"\" width=\"300\" height=\"200\" \/> <img loading=\"lazy\" decoding=\"async\" class=\"alignnone size-medium wp-image-3779\" src=\"https:\/\/carsambaguncel.com\/wp-content\/uploads\/2026\/05\/686725876_1513147560202139_695548830612436004_n-1-300x200.jpg\" alt=\"\" width=\"300\" height=\"200\" \/> <img loading=\"lazy\" decoding=\"async\" class=\"alignnone size-medium wp-image-3780\" src=\"https:\/\/carsambaguncel.com\/wp-content\/uploads\/2026\/05\/686819664_1513147120202183_5179673802561904510_n-300x200.jpg\" alt=\"\" width=\"300\" height=\"200\" \/> <img loading=\"lazy\" decoding=\"async\" class=\"alignnone size-medium wp-image-3781\" src=\"https:\/\/carsambaguncel.com\/wp-content\/uploads\/2026\/05\/686922599_1513147450202150_5477863672887996523_n-300x169.jpg\" alt=\"\" width=\"300\" height=\"169\" \/> <img loading=\"lazy\" decoding=\"async\" class=\"alignnone size-medium wp-image-3782\" src=\"https:\/\/carsambaguncel.com\/wp-content\/uploads\/2026\/05\/686997640_1513147103535518_1776157459094974586_n-300x200.jpg\" alt=\"\" width=\"300\" height=\"200\" \/> <img loading=\"lazy\" decoding=\"async\" class=\"alignnone size-medium wp-image-3783\" src=\"https:\/\/carsambaguncel.com\/wp-content\/uploads\/2026\/05\/687794460_1513144513535777_9171804586956343503_n-300x200.jpg\" alt=\"\" width=\"300\" height=\"200\" \/><img loading=\"lazy\" decoding=\"async\" class=\"alignnone size-medium wp-image-3784\" src=\"https:\/\/carsambaguncel.com\/wp-content\/uploads\/2026\/05\/666666666666666667-300x197.jpg\" alt=\"\" width=\"300\" height=\"197\" \/><\/p>\n","protected":false},"excerpt":{"rendered":"<p>\u00c7ar\u015famba Belediyesi taraf\u0131ndan bu y\u0131l 8&#8217;incisi d\u00fczenlenen \u00c7ar\u015famba Kitap Fuar\u0131n\u0131n a\u00e7\u0131l\u0131\u015f\u0131 g\u00f6rkemli bir t\u00f6renle ger\u00e7ekle\u015ftirildi \u00c7ar\u015famba&#46;&#46;&#46;<\/p>\n","protected":false},"author":3,"featured_media":3769,"comment_status":"open","ping_status":"closed","sticky":false,"template":"","format":"standard","meta":{"footnotes":""},"categories":[84,89,83],"tags":[703,77,704,129,57],"manset":[33],"class_list":["post-3767","post","type-post","status-publish","format-standard","has-post-thumbnail","hentry","category-carsamba","category-ilce-haberleri","category-samsun","tag-8-kitap-fuari","tag-carsamba","tag-carsambabelediyesi","tag-huseyin-dundar","tag-samsun"],"_links":{"self":[{"href":"https:\/\/carsambaguncel.com\/index.php?rest_route=\/wp\/v2\/posts\/3767","targetHints":{"allow":["GET"]}}],"collection":[{"href":"https:\/\/carsambaguncel.com\/index.php?rest_route=\/wp\/v2\/posts"}],"about":[{"href":"https:\/\/carsambaguncel.com\/index.php?rest_route=\/wp\/v2\/types\/post"}],"author":[{"embeddable":true,"href":"https:\/\/carsambaguncel.com\/index.php?rest_route=\/wp\/v2\/users\/3"}],"replies":[{"embeddable":true,"href":"https:\/\/carsambaguncel.com\/index.php?rest_route=%2Fwp%2Fv2%2Fcomments&post=3767"}],"version-history":[{"count":1,"href":"https:\/\/carsambaguncel.com\/index.php?rest_route=\/wp\/v2\/posts\/3767\/revisions"}],"predecessor-version":[{"id":3785,"href":"https:\/\/carsambaguncel.com\/index.php?rest_route=\/wp\/v2\/posts\/3767\/revisions\/3785"}],"wp:featuredmedia":[{"embeddable":true,"href":"https:\/\/carsambaguncel.com\/index.php?rest_route=\/wp\/v2\/media\/3769"}],"wp:attachment":[{"href":"https:\/\/carsambaguncel.com\/index.php?rest_route=%2Fwp%2Fv2%2Fmedia&parent=3767"}],"wp:term":[{"taxonomy":"category","embeddable":true,"href":"https:\/\/carsambaguncel.com\/index.php?rest_route=%2Fwp%2Fv2%2Fcategories&post=3767"},{"taxonomy":"post_tag","embeddable":true,"href":"https:\/\/carsambaguncel.com\/index.php?rest_route=%2Fwp%2Fv2%2Ftags&post=3767"},{"taxonomy":"manset","embeddable":true,"href":"https:\/\/carsambaguncel.com\/index.php?rest_route=%2Fwp%2Fv2%2Fmanset&post=3767"}],"curies":[{"name":"wp","href":"https:\/\/api.w.org\/{rel}","templated":true}]}}